{"id":2599,"date":"2021-04-05T11:27:00","date_gmt":"2021-04-05T11:27:00","guid":{"rendered":"https:\/\/amekgroup.com\/?p=2599"},"modified":"2023-05-19T21:59:31","modified_gmt":"2023-05-19T21:59:31","slug":"amek-group-se-expande-en-colombia-con-el-nombramiento-de-la-gerente-lilian-gutierrez","status":"publish","type":"post","link":"https:\/\/amekgroup.com\/en\/amek-group-se-expande-en-colombia-con-el-nombramiento-de-la-gerente-lilian-gutierrez\/","title":{"rendered":"Amek Group expands in Colombia with the appointment of Manager Lilian Gutierrez."},"content":{"rendered":"<p class=\"wp-block-paragraph\">Amek Group expands in Colombia with the appointment of Manager Lilian Gutierrez.<\/p>\n\n\n\n<p class=\"wp-block-paragraph\">Desde su infancia, Lilian sinti\u00f3 la atracci\u00f3n de trabajar en hoteler\u00eda. Esto la impuls\u00f3 a estudiar una carrera universitaria con \u00e9nfasis en gesti\u00f3n hotelera y turismo, seguida de un M\u00e1ster en Direcci\u00f3n de Empresas Multinacionales y otro en Marketing y Log\u00edstica.<\/p>\n\n\n\n<p class=\"wp-block-paragraph\">Desde 2009 aplica estos conocimientos. Desde operaciones hoteleras hasta ventas y marketing, Lilian trabaj\u00f3 con NH Hotel Group tanto en Espa\u00f1a como en Colombia. Cabe destacar su participaci\u00f3n en la apertura del primer hotel de la marca en Colombia en 2011. Esta experiencia continu\u00f3 en 2015, cuando fue contratada como subdirectora del hotel m\u00e1s grande de la marca en Colombia antes de ser nombrada como Directora en reconocimiento por el crecimiento de la compa\u00f1\u00eda.<\/p>\n\n\n\n<p class=\"wp-block-paragraph\">Lilian sigue promoviendo la industria hotelera y tur\u00edstica de Colombia al tiempo que encabeza la expansi\u00f3n de Amek Group en este pa\u00eds de gran riqueza cultural.<\/p>\n\n\n\n<h4 class=\"wp-block-heading\">Amek Group<\/h4>\n\n\n\n<p class=\"wp-block-paragraph\">Amek Group es una compa\u00f1\u00eda de gerenciamiento hotelero independiente que ofrece servicios de gesti\u00f3n y consultor\u00eda para hoteles y resorts. Con sede estrat\u00e9gica en Miami, Florida, EE. UU. y Buenos Aires, Argentina, Amek Group es la \u00fanica compa\u00f1\u00eda hotelera que ofrece por separado programas operativos y estrat\u00e9gicos a marcas independientes para desarrollar, administrar, operar o ser propietario de un hotel. Actualmente tiene 12 proyectos en su portfolio.<\/p>\n\n\n\n<p class=\"wp-block-paragraph\">Amek Consultancy, Development y Agency participan en los proyectos. Amek University ofrece un entorno de aprendizaje virtual que utiliza contenidos originales online que agilizan la capacitaci\u00f3n sobre un protocolo permanentemente actualizado y en constante cambio. Breakthrough Service es lo m\u00e1s novedoso en garant\u00eda de calidad dise\u00f1ado para eliminar los checklists y apartarse de los estrictos est\u00e1ndares de servicios rob\u00f3ticos.<\/p>\n\n\n\n<p class=\"wp-block-paragraph\">El portfolio de Amek Group de consultor\u00eda, desarrollo, gerenciamiento, aprendizaje, y garant\u00eda de calidad refleja el actual modelo privilegiado de negocios que emplea equipos de trabajo remotos, integraci\u00f3n vertical y un grupo cuidadosamente seleccionado de expertos de la industria.<\/p>\n\n\n\n<p class=\"wp-block-paragraph\">Amek Group fue creado por los amigos de la infancia Luis Gallotti y Lisandro Le\u00f3n Liguori. Se conocieron jugando al baloncesto en su pa\u00eds natal, Argentina, y formaron una alianza que los llevar\u00eda desde la temprana edad de 10 a\u00f1os hasta lograr reclutar a su equipo propio. La pasi\u00f3n que compart\u00edan por la hoteler\u00eda fue lo que consolid\u00f3 esta asociaci\u00f3n. Una experiencia inigualable en la industria, un enfoque extremo, una obsesi\u00f3n por el servicio hotelero de lujo y su naturaleza meticulosa forman los pilares de esta compa\u00f1\u00eda de r\u00e1pido crecimiento.<\/p>\n\n\n\n<h4 class=\"wp-block-heading\">Una visi\u00f3n de colaboraci\u00f3n en Colombia<\/h4>\n\n\n\n<p class=\"wp-block-paragraph\">Con la atenci\u00f3n de Amek Group puesta en su futuro en Am\u00e9rica Central y Sudam\u00e9rica, Colombia se encuentra entre los dos principales pa\u00edses de inter\u00e9s, debido en gran medida a su estabilidad econ\u00f3mica.<\/p>\n\n\n\n<p class=\"wp-block-paragraph\">Al trabajar en estrecha colaboraci\u00f3n con el C\u00edrculo Internacional de Directores de Hotel como embajadora de Colombia, Lilian tiene una profunda visi\u00f3n y experiencia sobre la atracci\u00f3n del pa\u00eds para los inversores extranjeros, especialmente los nuevos proyectos hoteleros y tur\u00edsticos. Gracias a su diversidad geogr\u00e1fica y a sus abundantes recursos naturales, existe una oportunidad excepcional para el turismo de aventura y bienestar en un entorno post-pand\u00e9mico.<\/p>\n\n\n\n<p class=\"wp-block-paragraph\">Entre los planes de Lilian y Amek para el futuro se encuentra el entendimiento vital de que los hoteles deben contrarrestar los efectos persistentes de un mundo incierto obstaculizado por la pandemia; al brindar un entorno seguro y garant\u00eda de seguridad para todos los viajeros. El sector ha invertido cerca de 17.000 millones de pesos (4,7 millones de d\u00f3lares) en la aplicaci\u00f3n de protocolos de bioseguridad para poder reanudar las operaciones.<\/p>\n\n\n\n<p class=\"wp-block-paragraph\">Comprendiendo la necesidad de que la industria hotelera y tur\u00edstica recuperen la ocupaci\u00f3n, Lilian planea aprovechar la profunda experiencia de Amek Group en el sector para complementar a los hoteles independientes en dificultades.<\/p>","protected":false},"excerpt":{"rendered":"<p>Amek Group se expande en Colombia con el nombramiento de la Gerente Lilian Gutierrez Desde su infancia, Lilian sinti\u00f3 la atracci\u00f3n de trabajar en hoteler\u00eda. Esto la impuls\u00f3 a estudiar&hellip;<\/p>","protected":false},"author":1,"featured_media":23776,"comment_status":"closed","ping_status":"closed","sticky":false,"template":"","format":"standard","meta":{"footnotes":""},"categories":[270],"tags":[154,153,164,9],"class_list":["post-2599","post","type-post","status-publish","format-standard","has-post-thumbnail","hentry","category-press","tag-creative","tag-featured","tag-shop","tag-style-1"],"yoast_head":"<!-- This site is optimized with the Yoast SEO plugin v28.4 - https:\/\/yoast.com\/product\/yoast-seo-wordpress\/ -->\n<title>Amek Group se expande en Colombia con el nombramiento de la Gerente Lilian Gutierrez - Amek Group<\/title>\n<meta name=\"robots\" content=\"index, follow, max-snippet:-1, max-image-preview:large, max-video-preview:-1\" \/>\n<link rel=\"canonical\" href=\"https:\/\/amekgroup.com\/en\/amek-group-se-expande-en-colombia-con-el-nombramiento-de-la-gerente-lilian-gutierrez\/\" \/>\n<meta property=\"og:locale\" content=\"en_US\" \/>\n<meta property=\"og:type\" content=\"article\" \/>\n<meta property=\"og:title\" content=\"Amek Group se expande en Colombia con el nombramiento de la Gerente Lilian Gutierrez - Amek Group\" \/>\n<meta property=\"og:description\" content=\"Amek Group se expande en Colombia con el nombramiento de la Gerente Lilian Gutierrez Desde su infancia, Lilian sinti\u00f3 la atracci\u00f3n de trabajar en hoteler\u00eda. Esto la impuls\u00f3 a estudiar&hellip;\" \/>\n<meta property=\"og:url\" content=\"https:\/\/amekgroup.com\/en\/amek-group-se-expande-en-colombia-con-el-nombramiento-de-la-gerente-lilian-gutierrez\/\" \/>\n<meta property=\"og:site_name\" content=\"Amek Group\" \/>\n<meta property=\"article:published_time\" content=\"2021-04-05T11:27:00+00:00\" \/>\n<meta property=\"article:modified_time\" content=\"2023-05-19T21:59:31+00:00\" \/>\n<meta property=\"og:image\" content=\"https:\/\/amekgroup.com\/wp-content\/uploads\/2020\/05\/noticia1.webp\" \/>\n\t<meta property=\"og:image:width\" content=\"1200\" \/>\n\t<meta property=\"og:image:height\" content=\"675\" \/>\n\t<meta property=\"og:image:type\" content=\"image\/webp\" \/>\n<meta name=\"author\" content=\"admin\" \/>\n<meta name=\"twitter:card\" content=\"summary_large_image\" \/>\n<meta name=\"twitter:label1\" content=\"Written by\" \/>\n\t<meta name=\"twitter:data1\" content=\"admin\" \/>\n\t<meta name=\"twitter:label2\" content=\"Est. reading time\" \/>\n\t<meta name=\"twitter:data2\" content=\"3 minutes\" \/>\n<script type=\"application\/ld+json\" class=\"yoast-schema-graph\">{\"@context\":\"https:\\\/\\\/schema.org\",\"@graph\":[{\"@type\":\"Article\",\"@id\":\"https:\\\/\\\/amekgroup.com\\\/amek-group-se-expande-en-colombia-con-el-nombramiento-de-la-gerente-lilian-gutierrez\\\/#article\",\"isPartOf\":{\"@id\":\"https:\\\/\\\/amekgroup.com\\\/amek-group-se-expande-en-colombia-con-el-nombramiento-de-la-gerente-lilian-gutierrez\\\/\"},\"author\":{\"name\":\"admin\",\"@id\":\"https:\\\/\\\/amekgroup.com\\\/en\\\/#\\\/schema\\\/person\\\/32cfda35dd977710e8fe7e0e490ca5fe\"},\"headline\":\"Amek Group se expande en Colombia con el nombramiento de la Gerente Lilian Gutierrez\",\"datePublished\":\"2021-04-05T11:27:00+00:00\",\"dateModified\":\"2023-05-19T21:59:31+00:00\",\"mainEntityOfPage\":{\"@id\":\"https:\\\/\\\/amekgroup.com\\\/amek-group-se-expande-en-colombia-con-el-nombramiento-de-la-gerente-lilian-gutierrez\\\/\"},\"wordCount\":688,\"publisher\":{\"@id\":\"https:\\\/\\\/amekgroup.com\\\/en\\\/#organization\"},\"image\":{\"@id\":\"https:\\\/\\\/amekgroup.com\\\/amek-group-se-expande-en-colombia-con-el-nombramiento-de-la-gerente-lilian-gutierrez\\\/#primaryimage\"},\"thumbnailUrl\":\"https:\\\/\\\/amekgroup.com\\\/wp-content\\\/uploads\\\/2020\\\/05\\\/noticia1.webp\",\"keywords\":[\"Creative\",\"Featured\",\"Shop\",\"Style 1\"],\"articleSection\":[\"Press\"],\"inLanguage\":\"en-US\"},{\"@type\":\"WebPage\",\"@id\":\"https:\\\/\\\/amekgroup.com\\\/amek-group-se-expande-en-colombia-con-el-nombramiento-de-la-gerente-lilian-gutierrez\\\/\",\"url\":\"https:\\\/\\\/amekgroup.com\\\/amek-group-se-expande-en-colombia-con-el-nombramiento-de-la-gerente-lilian-gutierrez\\\/\",\"name\":\"Amek Group se expande en Colombia con el nombramiento de la Gerente Lilian Gutierrez - Amek Group\",\"isPartOf\":{\"@id\":\"https:\\\/\\\/amekgroup.com\\\/en\\\/#website\"},\"primaryImageOfPage\":{\"@id\":\"https:\\\/\\\/amekgroup.com\\\/amek-group-se-expande-en-colombia-con-el-nombramiento-de-la-gerente-lilian-gutierrez\\\/#primaryimage\"},\"image\":{\"@id\":\"https:\\\/\\\/amekgroup.com\\\/amek-group-se-expande-en-colombia-con-el-nombramiento-de-la-gerente-lilian-gutierrez\\\/#primaryimage\"},\"thumbnailUrl\":\"https:\\\/\\\/amekgroup.com\\\/wp-content\\\/uploads\\\/2020\\\/05\\\/noticia1.webp\",\"datePublished\":\"2021-04-05T11:27:00+00:00\",\"dateModified\":\"2023-05-19T21:59:31+00:00\",\"breadcrumb\":{\"@id\":\"https:\\\/\\\/amekgroup.com\\\/amek-group-se-expande-en-colombia-con-el-nombramiento-de-la-gerente-lilian-gutierrez\\\/#breadcrumb\"},\"inLanguage\":\"en-US\",\"potentialAction\":[{\"@type\":\"ReadAction\",\"target\":[\"https:\\\/\\\/amekgroup.com\\\/amek-group-se-expande-en-colombia-con-el-nombramiento-de-la-gerente-lilian-gutierrez\\\/\"]}]},{\"@type\":\"ImageObject\",\"inLanguage\":\"en-US\",\"@id\":\"https:\\\/\\\/amekgroup.com\\\/amek-group-se-expande-en-colombia-con-el-nombramiento-de-la-gerente-lilian-gutierrez\\\/#primaryimage\",\"url\":\"https:\\\/\\\/amekgroup.com\\\/wp-content\\\/uploads\\\/2020\\\/05\\\/noticia1.webp\",\"contentUrl\":\"https:\\\/\\\/amekgroup.com\\\/wp-content\\\/uploads\\\/2020\\\/05\\\/noticia1.webp\",\"width\":1200,\"height\":675},{\"@type\":\"BreadcrumbList\",\"@id\":\"https:\\\/\\\/amekgroup.com\\\/amek-group-se-expande-en-colombia-con-el-nombramiento-de-la-gerente-lilian-gutierrez\\\/#breadcrumb\",\"itemListElement\":[{\"@type\":\"ListItem\",\"position\":1,\"name\":\"Home\",\"item\":\"https:\\\/\\\/amekgroup.com\\\/\"},{\"@type\":\"ListItem\",\"position\":2,\"name\":\"Amek Group se expande en Colombia con el nombramiento de la Gerente Lilian Gutierrez\"}]},{\"@type\":\"WebSite\",\"@id\":\"https:\\\/\\\/amekgroup.com\\\/en\\\/#website\",\"url\":\"https:\\\/\\\/amekgroup.com\\\/en\\\/\",\"name\":\"Amek Group\",\"description\":\"Hotel Management\",\"publisher\":{\"@id\":\"https:\\\/\\\/amekgroup.com\\\/en\\\/#organization\"},\"potentialAction\":[{\"@type\":\"SearchAction\",\"target\":{\"@type\":\"EntryPoint\",\"urlTemplate\":\"https:\\\/\\\/amekgroup.com\\\/en\\\/?s={search_term_string}\"},\"query-input\":{\"@type\":\"PropertyValueSpecification\",\"valueRequired\":true,\"valueName\":\"search_term_string\"}}],\"inLanguage\":\"en-US\"},{\"@type\":\"Organization\",\"@id\":\"https:\\\/\\\/amekgroup.com\\\/en\\\/#organization\",\"name\":\"Amek Group\",\"url\":\"https:\\\/\\\/amekgroup.com\\\/en\\\/\",\"logo\":{\"@type\":\"ImageObject\",\"inLanguage\":\"en-US\",\"@id\":\"https:\\\/\\\/amekgroup.com\\\/en\\\/#\\\/schema\\\/logo\\\/image\\\/\",\"url\":\"https:\\\/\\\/amekgroup.com\\\/wp-content\\\/uploads\\\/2020\\\/06\\\/logo-nuevo.svg\",\"contentUrl\":\"https:\\\/\\\/amekgroup.com\\\/wp-content\\\/uploads\\\/2020\\\/06\\\/logo-nuevo.svg\",\"width\":1080,\"height\":137,\"caption\":\"Amek Group\"},\"image\":{\"@id\":\"https:\\\/\\\/amekgroup.com\\\/en\\\/#\\\/schema\\\/logo\\\/image\\\/\"}},{\"@type\":\"Person\",\"@id\":\"https:\\\/\\\/amekgroup.com\\\/en\\\/#\\\/schema\\\/person\\\/32cfda35dd977710e8fe7e0e490ca5fe\",\"name\":\"admin\",\"sameAs\":[\"https:\\\/\\\/amekgroup.com\"],\"url\":\"https:\\\/\\\/amekgroup.com\\\/en\\\/author\\\/admin\\\/\"}]}<\/script>\n<!-- \/ Yoast SEO plugin. -->","yoast_head_json":{"title":"Amek Group se expande en Colombia con el nombramiento de la Gerente Lilian Gutierrez - Amek Group","robots":{"index":"index","follow":"follow","max-snippet":"max-snippet:-1","max-image-preview":"max-image-preview:large","max-video-preview":"max-video-preview:-1"},"canonical":"https:\/\/amekgroup.com\/en\/amek-group-se-expande-en-colombia-con-el-nombramiento-de-la-gerente-lilian-gutierrez\/","og_locale":"en_US","og_type":"article","og_title":"Amek Group se expande en Colombia con el nombramiento de la Gerente Lilian Gutierrez - Amek Group","og_description":"Amek Group se expande en Colombia con el nombramiento de la Gerente Lilian Gutierrez Desde su infancia, Lilian sinti\u00f3 la atracci\u00f3n de trabajar en hoteler\u00eda. Esto la impuls\u00f3 a estudiar&hellip;","og_url":"https:\/\/amekgroup.com\/en\/amek-group-se-expande-en-colombia-con-el-nombramiento-de-la-gerente-lilian-gutierrez\/","og_site_name":"Amek Group","article_published_time":"2021-04-05T11:27:00+00:00","article_modified_time":"2023-05-19T21:59:31+00:00","og_image":[{"width":1200,"height":675,"url":"https:\/\/amekgroup.com\/wp-content\/uploads\/2020\/05\/noticia1.webp","type":"image\/webp"}],"author":"admin","twitter_card":"summary_large_image","twitter_misc":{"Written by":"admin","Est. reading time":"3 minutes"},"schema":{"@context":"https:\/\/schema.org","@graph":[{"@type":"Article","@id":"https:\/\/amekgroup.com\/amek-group-se-expande-en-colombia-con-el-nombramiento-de-la-gerente-lilian-gutierrez\/#article","isPartOf":{"@id":"https:\/\/amekgroup.com\/amek-group-se-expande-en-colombia-con-el-nombramiento-de-la-gerente-lilian-gutierrez\/"},"author":{"name":"admin","@id":"https:\/\/amekgroup.com\/en\/#\/schema\/person\/32cfda35dd977710e8fe7e0e490ca5fe"},"headline":"Amek Group se expande en Colombia con el nombramiento de la Gerente Lilian Gutierrez","datePublished":"2021-04-05T11:27:00+00:00","dateModified":"2023-05-19T21:59:31+00:00","mainEntityOfPage":{"@id":"https:\/\/amekgroup.com\/amek-group-se-expande-en-colombia-con-el-nombramiento-de-la-gerente-lilian-gutierrez\/"},"wordCount":688,"publisher":{"@id":"https:\/\/amekgroup.com\/en\/#organization"},"image":{"@id":"https:\/\/amekgroup.com\/amek-group-se-expande-en-colombia-con-el-nombramiento-de-la-gerente-lilian-gutierrez\/#primaryimage"},"thumbnailUrl":"https:\/\/amekgroup.com\/wp-content\/uploads\/2020\/05\/noticia1.webp","keywords":["Creative","Featured","Shop","Style 1"],"articleSection":["Press"],"inLanguage":"en-US"},{"@type":"WebPage","@id":"https:\/\/amekgroup.com\/amek-group-se-expande-en-colombia-con-el-nombramiento-de-la-gerente-lilian-gutierrez\/","url":"https:\/\/amekgroup.com\/amek-group-se-expande-en-colombia-con-el-nombramiento-de-la-gerente-lilian-gutierrez\/","name":"Amek Group se expande en Colombia con el nombramiento de la Gerente Lilian Gutierrez - Amek Group","isPartOf":{"@id":"https:\/\/amekgroup.com\/en\/#website"},"primaryImageOfPage":{"@id":"https:\/\/amekgroup.com\/amek-group-se-expande-en-colombia-con-el-nombramiento-de-la-gerente-lilian-gutierrez\/#primaryimage"},"image":{"@id":"https:\/\/amekgroup.com\/amek-group-se-expande-en-colombia-con-el-nombramiento-de-la-gerente-lilian-gutierrez\/#primaryimage"},"thumbnailUrl":"https:\/\/amekgroup.com\/wp-content\/uploads\/2020\/05\/noticia1.webp","datePublished":"2021-04-05T11:27:00+00:00","dateModified":"2023-05-19T21:59:31+00:00","breadcrumb":{"@id":"https:\/\/amekgroup.com\/amek-group-se-expande-en-colombia-con-el-nombramiento-de-la-gerente-lilian-gutierrez\/#breadcrumb"},"inLanguage":"en-US","potentialAction":[{"@type":"ReadAction","target":["https:\/\/amekgroup.com\/amek-group-se-expande-en-colombia-con-el-nombramiento-de-la-gerente-lilian-gutierrez\/"]}]},{"@type":"ImageObject","inLanguage":"en-US","@id":"https:\/\/amekgroup.com\/amek-group-se-expande-en-colombia-con-el-nombramiento-de-la-gerente-lilian-gutierrez\/#primaryimage","url":"https:\/\/amekgroup.com\/wp-content\/uploads\/2020\/05\/noticia1.webp","contentUrl":"https:\/\/amekgroup.com\/wp-content\/uploads\/2020\/05\/noticia1.webp","width":1200,"height":675},{"@type":"BreadcrumbList","@id":"https:\/\/amekgroup.com\/amek-group-se-expande-en-colombia-con-el-nombramiento-de-la-gerente-lilian-gutierrez\/#breadcrumb","itemListElement":[{"@type":"ListItem","position":1,"name":"Home","item":"https:\/\/amekgroup.com\/"},{"@type":"ListItem","position":2,"name":"Amek Group se expande en Colombia con el nombramiento de la Gerente Lilian Gutierrez"}]},{"@type":"WebSite","@id":"https:\/\/amekgroup.com\/en\/#website","url":"https:\/\/amekgroup.com\/en\/","name":"Amek Group","description":"Hotel Management","publisher":{"@id":"https:\/\/amekgroup.com\/en\/#organization"},"potentialAction":[{"@type":"SearchAction","target":{"@type":"EntryPoint","urlTemplate":"https:\/\/amekgroup.com\/en\/?s={search_term_string}"},"query-input":{"@type":"PropertyValueSpecification","valueRequired":true,"valueName":"search_term_string"}}],"inLanguage":"en-US"},{"@type":"Organization","@id":"https:\/\/amekgroup.com\/en\/#organization","name":"Amek Group","url":"https:\/\/amekgroup.com\/en\/","logo":{"@type":"ImageObject","inLanguage":"en-US","@id":"https:\/\/amekgroup.com\/en\/#\/schema\/logo\/image\/","url":"https:\/\/amekgroup.com\/wp-content\/uploads\/2020\/06\/logo-nuevo.svg","contentUrl":"https:\/\/amekgroup.com\/wp-content\/uploads\/2020\/06\/logo-nuevo.svg","width":1080,"height":137,"caption":"Amek Group"},"image":{"@id":"https:\/\/amekgroup.com\/en\/#\/schema\/logo\/image\/"}},{"@type":"Person","@id":"https:\/\/amekgroup.com\/en\/#\/schema\/person\/32cfda35dd977710e8fe7e0e490ca5fe","name":"admin","sameAs":["https:\/\/amekgroup.com"],"url":"https:\/\/amekgroup.com\/en\/author\/admin\/"}]}},"_links":{"self":[{"href":"https:\/\/amekgroup.com\/en\/wp-json\/wp\/v2\/posts\/2599","targetHints":{"allow":["GET"]}}],"collection":[{"href":"https:\/\/amekgroup.com\/en\/wp-json\/wp\/v2\/posts"}],"about":[{"href":"https:\/\/amekgroup.com\/en\/wp-json\/wp\/v2\/types\/post"}],"author":[{"embeddable":true,"href":"https:\/\/amekgroup.com\/en\/wp-json\/wp\/v2\/users\/1"}],"replies":[{"embeddable":true,"href":"https:\/\/amekgroup.com\/en\/wp-json\/wp\/v2\/comments?post=2599"}],"version-history":[{"count":1,"href":"https:\/\/amekgroup.com\/en\/wp-json\/wp\/v2\/posts\/2599\/revisions"}],"predecessor-version":[{"id":23774,"href":"https:\/\/amekgroup.com\/en\/wp-json\/wp\/v2\/posts\/2599\/revisions\/23774"}],"wp:featuredmedia":[{"embeddable":true,"href":"https:\/\/amekgroup.com\/en\/wp-json\/wp\/v2\/media\/23776"}],"wp:attachment":[{"href":"https:\/\/amekgroup.com\/en\/wp-json\/wp\/v2\/media?parent=2599"}],"wp:term":[{"taxonomy":"category","embeddable":true,"href":"https:\/\/amekgroup.com\/en\/wp-json\/wp\/v2\/categories?post=2599"},{"taxonomy":"post_tag","embeddable":true,"href":"https:\/\/amekgroup.com\/en\/wp-json\/wp\/v2\/tags?post=2599"}],"curies":[{"name":"wp","href":"https:\/\/api.w.org\/{rel}","templated":true}]}}