{"id":2595,"date":"2021-07-25T11:21:00","date_gmt":"2021-07-25T11:21:00","guid":{"rendered":"https:\/\/amekgroup.com\/?p=2595"},"modified":"2023-05-19T21:59:16","modified_gmt":"2023-05-19T21:59:16","slug":"favorite-design-bloggers-podcasts-in-2020","status":"publish","type":"post","link":"https:\/\/amekgroup.com\/es\/favorite-design-bloggers-podcasts-in-2020\/","title":{"rendered":"La ca\u00edda de grandes marcas se debe a la falta de mercado, no a estrategias empresariales"},"content":{"rendered":"\n<p class=\"wp-block-paragraph\">Es la opini\u00f3n de Jorge Chemes, titular de la Asociaci\u00f3n de Hoteles de Turismo. Escasa conectividad y falta de congresos y convenciones, las causas. Estima que de aqu\u00ed a fin de a\u00f1o la actividad vivir\u00e1 una transici\u00f3n y se consolidar\u00e1 en 2022.<\/p>\n\n\n\n<p class=\"wp-block-paragraph\">La pandemia de coronavirus lleg\u00f3 para quedarse entre nosotros, por lo menos durante un tiempo hasta que estemos todos inmunizados o el virus deje de ser algo peligroso, situaci\u00f3n que hoy nadie puede definir.<\/p>\n\n\n\n<p class=\"wp-block-paragraph\">En ese contexto, la actividad que m\u00e1s sinti\u00f3 el impacto del Covid-19 fue la del alojamiento, que tuvo que soportar cierres totales o parciales (con aforos) seg\u00fan se mov\u00eda la curva de contagios. En esta realidad, la pandemia obr\u00f3 como una zaranda en varios negocios tur\u00edsticos, entre los que hubo ceses definitivos de actividad o directamente desaparecieron del mercado.<\/p>\n\n\n\n<p class=\"wp-block-paragraph\">El presidente de la la Asociaci\u00f3n de Hoteles de Turismo, Jorge Chemes, brind\u00f3 a PERFIL C\u00d3RDOBA un an\u00e1lisis de la situaci\u00f3n con proyecci\u00f3n de lo que podr\u00eda pasar en el mercado. Su visi\u00f3n es optimista respecto a la recuperaci\u00f3n del sector.<\/p>\n\n\n\n<p class=\"wp-block-paragraph\"><strong>\u2013\u00bfC\u00f3mo ve el futuro la Asociaci\u00f3n de Hoteles de Turismo en esta situaci\u00f3n cr\u00edtica?<\/strong><\/p>\n\n\n\n<p class=\"wp-block-paragraph\">\u2013El futuro es dif\u00edcil, va a haber cambios. La hoteler\u00eda en Argentina, y en el mundo, no va a ser la misma de antes. Los hoteles urbanos, seguramente van a estar m\u00e1s complicados porque las nuevas realidades vinculadas a la forma de realizar negocios en forma virtual, van a generar menos desplazamientos y movimiento de viajes corporativos, por lo cual los hoteles de ciudad ligados a ese mercado van a estar complicados por un lapso m\u00e1s largo y su recuperaci\u00f3n va a demandar m\u00e1s tiempo. La hoteler\u00eda vinculada a destinos de ocio va a tener quiz\u00e1s m\u00e1s oportunidades, porque la gente tiene necesidad de salir, viajar, estar en contacto con la naturaleza y, a la vez, la virtualidad permite trabajar desde otro lugar, con lo cual me parece que ah\u00ed hay m\u00e1s chances en el mediano y largo plazo.<\/p>\n\n\n\n<p class=\"wp-block-paragraph\">Por otro lado, en la Argentina en particular, estamos con situaciones muy complejas. Hay una cuesti\u00f3n y es que sin conectividad a\u00e9rea, va a afectar a la actividad en general. Hace un rato en un Zoom de la AHT hablaba la gente de Iguaz\u00fa y relataba que hoy cuentan con tres vuelos diarios cuando antes hab\u00eda 15. Hay destinos que dependemos y dependen de la conectividad, en un pa\u00eds en el que est\u00e1 cerrado el tr\u00e1fico a\u00e9reo no solo a nivel internacional sino tambi\u00e9n nacional, una situaci\u00f3n que condiciona much\u00edsimo el despegue de la actividad hotelera.<\/p>\n\n\n\n<p class=\"wp-block-paragraph\">En el caso de C\u00f3rdoba, en particular, ese es un condicionante y tambi\u00e9n si no recuperamos los congresos y convenciones: sin conectividad o escasas frecuencias, con pocas l\u00edneas a\u00e9reas que nos conecten con el principal destino emisor que es Buenos Aires, sin el Centro de Convenciones, uno de los mejores de Argentina hoy transformado en un vacunatorio, se hace muy complicada la reactivaci\u00f3n para la hoteler\u00eda de la ciudad de C\u00f3rdoba.<\/p>\n\n\n\n<p class=\"wp-block-paragraph\"><strong>\u2013\u00bfY en las sierras y valles tur\u00edsticos?<\/strong><\/p>\n\n\n\n<p class=\"wp-block-paragraph\">\u2013Bueno, tambi\u00e9n, sin conectividad y sin acciones para trabajar en temporada baja, es dif\u00edcil. Posibilidades hay, pero hay que trabajar mucho para destrabar cuestiones que nos condicionan, como la continuidad de las operaciones en forma sostenida y no interrumpida como venimos teniendo en los \u00faltimos 18 meses, la conectividad y la recuperaci\u00f3n de congresos y convenciones.<\/p>\n\n\n\n<p class=\"wp-block-paragraph\"><strong>\u2013\u00bfCu\u00e1ndo cree que podr\u00edamos retornar a una cuasinormalidad?<\/strong><\/p>\n\n\n\n<p class=\"wp-block-paragraph\">\u2013A m\u00ed me parece que vamos en una curva en ese sentido hacia finales de a\u00f1o. Si se mantiene esta tendencia en los niveles de vacunaci\u00f3n, menor uso de camas cr\u00edticas y, por ende, mayor posibilidad de aperturas y movilidad de la gente, progresivamente a medida que salgamos del invierno se deber\u00eda consolidar la posibilidad de la hoteler\u00eda, especialmente en una actividad que no genera riesgos. Lo veo como una transici\u00f3n de ac\u00e1 a fin de a\u00f1o y como una consolidaci\u00f3n de volver a la normalidad a partir del a\u00f1o que viene, con una normalidad que claramente va a ser distinta.<\/p>\n\n\n\n<p class=\"wp-block-paragraph\"><strong>\u2013La lectura que hacen desde la Agencia C\u00f3rdoba Turismo indica que en las dos semanas de receso invernal, la tendencia es alojarse en hoteles de alta gama, con entornos naturales, caba\u00f1as o posadas, con menos cantidad de gente y aislados.<\/strong><\/p>\n\n\n\n<p class=\"wp-block-paragraph\">\u2013Se est\u00e1n viendo dos cuestiones que van a marcar el paso hacia adelante. Por un lado, el entorno natural para el que C\u00f3rdoba tiene un valor agregado muy grande, cualquiera sea el destino, porque la gente est\u00e1 \u00e1vida de naturaleza, espacios abiertos, entonces tenemos un punto a favor; el otro aspecto es coyuntural y tiene que ver con el cierre de los vuelos internacionales, que recrea un mercado interno en el que los hoteles de m\u00e1s alta gama son los que est\u00e1n teniendo mayor demanda. Esta temporada de julio viene siendo mucho mejor que a\u00f1os previos y esto es fruto de que no podemos salir de la Argentina y buscamos opciones dentro del pa\u00eds. Esa es otra situaci\u00f3n positiva que aparece y que habr\u00e1 que ver en el tiempo si se consolida o no, pero claramente est\u00e1 influyendo.<\/p>\n\n\n\n<p class=\"wp-block-paragraph\"><strong>\u2013Entre los hoteles de la AHT, \u00bfqu\u00e9 balance hacen de estas dos primeras semanas de vacaciones de julio?<\/strong><\/p>\n\n\n\n<p class=\"wp-block-paragraph\">\u2013En nuestro caso \u2013Pueblo Nativo\u2013 hemos andado muy bien. Estamos en el marco de lo que te dec\u00eda antes: un mercado muy fuerte, que hace que los fines de semana estemos sobrevendidos y en la semana una demanda tambi\u00e9n importante, del orden del 70%, con muchos pasajeros de Buenos Aires, Santa Fe y tambi\u00e9n de C\u00f3rdoba. Esa fuerte demanda de productos con naturaleza, de alta gama, nos permite tener un julio realmente muy interesante. Hay que confiar en que la actividad siga, que no se vuelva a cerrar y que podamos seguir adelante sin nuevos cierres. La intermitencia de aperturas y cierres que llevamos hace 18 meses hace que la gente est\u00e9 definiendo sus viajes muy sobre la hora, lo que incide en la operaci\u00f3n y la programaci\u00f3n de la puesta en marcha de los hoteles. Con previsibilidad, estabilidad en el funcionamiento y conectividad, con esos tres elementos, la actividad se va a recuperar.<\/p>\n\n\n\n<p class=\"wp-block-paragraph\"><strong>Bajas y altas.<\/strong><\/p>\n\n\n\n<p class=\"wp-block-paragraph\">En un mercado fuertemente condicionado, mientras se registra el cierre de hoteles de 4* y 5* (Sheraton, Am\u00e8rian) aparecen nuevos \u2018jugadores\u2019, como el caso de Amek Group, que desembarca con gerenciamiento 360\u00ba y asesor\u00eda y servicios de productos de alta calidad. En su web anuncia aperturas a orillas del Lago Los Molinos, Get Hotel de Molvento (4*); en R\u00edo Cuarto, La Urumpta Hotel (4*), y en Villa General Belgrano, (un hotel de 5*).<\/p>\n\n\n\n<p class=\"wp-block-paragraph\"><strong>\u2013\u00bfQu\u00e9 lectura hace de la salida del mercado de marcas como Sheraton y Am\u00e8rian, y el desembarco de otros, como Amek Group?<\/strong><\/p>\n\n\n\n<p class=\"wp-block-paragraph\">\u2013En realidad no se trata de un desembarco con inversiones nuevas, sino de un operador en b\u00fasqueda de hoteles para gerenciar.<\/p>\n\n\n\n<p class=\"wp-block-paragraph\"><strong>\u2013La ca\u00edda de algunas \u2018marcas\u2019 significativas, \u00bfdemuestra falta de espaldas para sostenerse en esta crisis o decisiones empresariales ante la coyuntura?<\/strong><\/p>\n\n\n\n<p class=\"wp-block-paragraph\">\u2013Un destino urbano grande, como la ciudad de C\u00f3rdoba, est\u00e1 afectado por dos condicionantes muy graves: la conectividad a\u00e9rea reducida a su m\u00ednima expresi\u00f3n, particularmente con el principal destino emisor que es Buenos Aires, y la falta de congresos y convenciones. Fijate que para este segundo semestre hab\u00eda tres o cuatro eventos programados y se est\u00e1n cancelando todos. Entonces, cuando no ten\u00e9s estos eventos y sin conectividad, no ten\u00e9s negocio. O sea, no es una cuesti\u00f3n de estrategia empresarial u otro tema, es que no hay mercado. Por eso es muy distinta la situaci\u00f3n de un destino urbano que uno de las sierras; mientras no existan los dos condimentos mencionados antes \u2013conectividad y congresos o grandes eventos\u2013 no se genera una demanda importante para sostener los productos hoteleros.<\/p>\n\n\n\n<p class=\"wp-block-paragraph\"><strong>C\u00f3mo viene la temporada en C\u00f3rdoba<\/strong><\/p>\n\n\n\n<p class=\"wp-block-paragraph\">El \u00e1rea de estad\u00edstica de la Agencia C\u00f3rdoba Turismo, en un trabajo de relevamiento en todas las regiones tur\u00edsticas, emiti\u00f3 un informe con algunos datos clave sobre el comportamiento de la demanda en esta temporada.<\/p>\n\n\n\n<p class=\"wp-block-paragraph\">Seg\u00fan se observa, muchos turistas salen sin reservas previas por la incertidumbre que generan las disposiciones protocolares y porque entienden que encontrar\u00e1n alojamiento en destino. A modo de ejemplo, se menciona que la ocupaci\u00f3n durante los fines de semana siempre est\u00e1 entre un 20% y 40% en relaci\u00f3n a las reservas que se ten\u00edan previamente.<\/p>\n\n\n\n<p class=\"wp-block-paragraph\">Los alojamientos m\u00e1s demandados son los m\u00e1s categorizados, los de 3* y 4* son los primeros en ocuparse en las principales localidades tur\u00edsticas de C\u00f3rdoba. La preferencia del turista sigue siendo alojarse en lugares reducidos de concurrencia, evitando el contacto con otros pasajeros.<\/p>\n\n\n\n<p class=\"wp-block-paragraph\"><strong>Alojamientos seg\u00fan tipolog\u00eda y categor\u00eda<\/strong><\/p>\n\n\n\n<p class=\"wp-block-paragraph\">Del total de establecimientos registrados e inscriptos en la Agencia C\u00f3rdoba Turismo (2.749), las mayores concentraciones se dan en los valles de Punilla (547), Calamuchita (548) y Traslasierra (500).<\/p>\n\n\n\n<figure class=\"wp-block-table\"><table><tbody><tr><td>Apart caba\u00f1as 1, 2 y 3*<\/td><td>115<\/td><\/tr><tr><td>Apart hoteles 1, 2 y 3*.<\/td><td>35<\/td><\/tr><tr><td>Colonias<\/td><td>107<\/td><\/tr><tr><td>Complejos tur\u00edsticos<\/td><td>43<\/td><\/tr><tr><td>Complejos de casas y deptos.<\/td><td>580<\/td><\/tr><tr><td>Casas de uso tur\u00edstico<\/td><td>43<\/td><\/tr><tr><td>Deptos. de uso tur\u00edstico<\/td><td>11<\/td><\/tr><tr><td>Hospedajes<\/td><td>129<\/td><\/tr><tr><td>Hostales<\/td><td>23<\/td><\/tr><tr><td>Hoster\u00edas\/posadas<\/td><td>306<\/td><\/tr><tr><td>Hoteles 1, 2 y 3*<\/td><td>455<\/td><\/tr><tr><td>Hoteles 4*<\/td><td>26<\/td><\/tr><tr><td>Hoteles 5*<\/td><td>3<\/td><\/tr><tr><td>Establec. no categorizados.<\/td><td>571<\/td><\/tr><\/tbody><\/table><\/figure>\n\n\n\n<p class=\"wp-block-paragraph\">*Fuente: \u00c1rea de Estad\u00edsticas de la Agencia C\u00f3rdoba Turismo<\/p>\n\n\n\n<p class=\"wp-block-paragraph\"><\/p>\n","protected":false},"excerpt":{"rendered":"<p>Es la opini\u00f3n de Jorge Chemes, titular de la Asociaci\u00f3n de Hoteles de Turismo. Escasa conectividad y falta de congresos y convenciones, las causas. Estima que de aqu\u00ed a fin&hellip;<\/p>\n","protected":false},"author":1,"featured_media":23785,"comment_status":"closed","ping_status":"closed","sticky":false,"template":"","format":"image","meta":{"footnotes":""},"categories":[270],"tags":[95,168,11],"class_list":["post-2595","post","type-post","status-publish","format-image","has-post-thumbnail","hentry","category-press","tag-audio","tag-lifestyle","tag-with-sidebar","post_format-post-format-image"],"yoast_head":"<!-- This site is optimized with the Yoast SEO plugin v28.4 - https:\/\/yoast.com\/product\/yoast-seo-wordpress\/ -->\n<title>La ca\u00edda de grandes marcas se debe a la falta de mercado, no a estrategias empresariales - Amek Group<\/title>\n<meta name=\"robots\" content=\"index, follow, max-snippet:-1, max-image-preview:large, max-video-preview:-1\" \/>\n<link rel=\"canonical\" href=\"https:\/\/amekgroup.com\/es\/favorite-design-bloggers-podcasts-in-2020\/\" \/>\n<meta property=\"og:locale\" content=\"es_ES\" \/>\n<meta property=\"og:type\" content=\"article\" \/>\n<meta property=\"og:title\" content=\"La ca\u00edda de grandes marcas se debe a la falta de mercado, no a estrategias empresariales - Amek Group\" \/>\n<meta property=\"og:description\" content=\"Es la opini\u00f3n de Jorge Chemes, titular de la Asociaci\u00f3n de Hoteles de Turismo. Escasa conectividad y falta de congresos y convenciones, las causas. Estima que de aqu\u00ed a fin&hellip;\" \/>\n<meta property=\"og:url\" content=\"https:\/\/amekgroup.com\/es\/favorite-design-bloggers-podcasts-in-2020\/\" \/>\n<meta property=\"og:site_name\" content=\"Amek Group\" \/>\n<meta property=\"article:published_time\" content=\"2021-07-25T11:21:00+00:00\" \/>\n<meta property=\"article:modified_time\" content=\"2023-05-19T21:59:16+00:00\" \/>\n<meta property=\"og:image\" content=\"https:\/\/amekgroup.com\/wp-content\/uploads\/2020\/05\/noticia3.webp\" \/>\n\t<meta property=\"og:image:width\" content=\"1920\" \/>\n\t<meta property=\"og:image:height\" content=\"1080\" \/>\n\t<meta property=\"og:image:type\" content=\"image\/webp\" \/>\n<meta name=\"author\" content=\"admin\" \/>\n<meta name=\"twitter:card\" content=\"summary_large_image\" \/>\n<meta name=\"twitter:label1\" content=\"Escrito por\" \/>\n\t<meta name=\"twitter:data1\" content=\"admin\" \/>\n\t<meta name=\"twitter:label2\" content=\"Tiempo de lectura\" \/>\n\t<meta name=\"twitter:data2\" content=\"8 minutos\" \/>\n<script type=\"application\/ld+json\" class=\"yoast-schema-graph\">{\"@context\":\"https:\\\/\\\/schema.org\",\"@graph\":[{\"@type\":\"Article\",\"@id\":\"https:\\\/\\\/amekgroup.com\\\/favorite-design-bloggers-podcasts-in-2020\\\/#article\",\"isPartOf\":{\"@id\":\"https:\\\/\\\/amekgroup.com\\\/favorite-design-bloggers-podcasts-in-2020\\\/\"},\"author\":{\"name\":\"admin\",\"@id\":\"https:\\\/\\\/amekgroup.com\\\/en\\\/#\\\/schema\\\/person\\\/32cfda35dd977710e8fe7e0e490ca5fe\"},\"headline\":\"La ca\u00edda de grandes marcas se debe a la falta de mercado, no a estrategias empresariales\",\"datePublished\":\"2021-07-25T11:21:00+00:00\",\"dateModified\":\"2023-05-19T21:59:16+00:00\",\"mainEntityOfPage\":{\"@id\":\"https:\\\/\\\/amekgroup.com\\\/favorite-design-bloggers-podcasts-in-2020\\\/\"},\"wordCount\":1617,\"publisher\":{\"@id\":\"https:\\\/\\\/amekgroup.com\\\/en\\\/#organization\"},\"image\":{\"@id\":\"https:\\\/\\\/amekgroup.com\\\/favorite-design-bloggers-podcasts-in-2020\\\/#primaryimage\"},\"thumbnailUrl\":\"https:\\\/\\\/amekgroup.com\\\/wp-content\\\/uploads\\\/2020\\\/05\\\/noticia3.webp\",\"keywords\":[\"Audio\",\"Lifestyle\",\"With Sidebar\"],\"articleSection\":[\"Press\"],\"inLanguage\":\"es\"},{\"@type\":\"WebPage\",\"@id\":\"https:\\\/\\\/amekgroup.com\\\/favorite-design-bloggers-podcasts-in-2020\\\/\",\"url\":\"https:\\\/\\\/amekgroup.com\\\/favorite-design-bloggers-podcasts-in-2020\\\/\",\"name\":\"La ca\u00edda de grandes marcas se debe a la falta de mercado, no a estrategias empresariales - Amek Group\",\"isPartOf\":{\"@id\":\"https:\\\/\\\/amekgroup.com\\\/en\\\/#website\"},\"primaryImageOfPage\":{\"@id\":\"https:\\\/\\\/amekgroup.com\\\/favorite-design-bloggers-podcasts-in-2020\\\/#primaryimage\"},\"image\":{\"@id\":\"https:\\\/\\\/amekgroup.com\\\/favorite-design-bloggers-podcasts-in-2020\\\/#primaryimage\"},\"thumbnailUrl\":\"https:\\\/\\\/amekgroup.com\\\/wp-content\\\/uploads\\\/2020\\\/05\\\/noticia3.webp\",\"datePublished\":\"2021-07-25T11:21:00+00:00\",\"dateModified\":\"2023-05-19T21:59:16+00:00\",\"breadcrumb\":{\"@id\":\"https:\\\/\\\/amekgroup.com\\\/favorite-design-bloggers-podcasts-in-2020\\\/#breadcrumb\"},\"inLanguage\":\"es\",\"potentialAction\":[{\"@type\":\"ReadAction\",\"target\":[\"https:\\\/\\\/amekgroup.com\\\/favorite-design-bloggers-podcasts-in-2020\\\/\"]}]},{\"@type\":\"ImageObject\",\"inLanguage\":\"es\",\"@id\":\"https:\\\/\\\/amekgroup.com\\\/favorite-design-bloggers-podcasts-in-2020\\\/#primaryimage\",\"url\":\"https:\\\/\\\/amekgroup.com\\\/wp-content\\\/uploads\\\/2020\\\/05\\\/noticia3.webp\",\"contentUrl\":\"https:\\\/\\\/amekgroup.com\\\/wp-content\\\/uploads\\\/2020\\\/05\\\/noticia3.webp\",\"width\":1920,\"height\":1080},{\"@type\":\"BreadcrumbList\",\"@id\":\"https:\\\/\\\/amekgroup.com\\\/favorite-design-bloggers-podcasts-in-2020\\\/#breadcrumb\",\"itemListElement\":[{\"@type\":\"ListItem\",\"position\":1,\"name\":\"Home\",\"item\":\"https:\\\/\\\/amekgroup.com\\\/\"},{\"@type\":\"ListItem\",\"position\":2,\"name\":\"La ca\u00edda de grandes marcas se debe a la falta de mercado, no a estrategias empresariales\"}]},{\"@type\":\"WebSite\",\"@id\":\"https:\\\/\\\/amekgroup.com\\\/en\\\/#website\",\"url\":\"https:\\\/\\\/amekgroup.com\\\/en\\\/\",\"name\":\"Amek Group\",\"description\":\"Hotel Management\",\"publisher\":{\"@id\":\"https:\\\/\\\/amekgroup.com\\\/en\\\/#organization\"},\"potentialAction\":[{\"@type\":\"SearchAction\",\"target\":{\"@type\":\"EntryPoint\",\"urlTemplate\":\"https:\\\/\\\/amekgroup.com\\\/en\\\/?s={search_term_string}\"},\"query-input\":{\"@type\":\"PropertyValueSpecification\",\"valueRequired\":true,\"valueName\":\"search_term_string\"}}],\"inLanguage\":\"es\"},{\"@type\":\"Organization\",\"@id\":\"https:\\\/\\\/amekgroup.com\\\/en\\\/#organization\",\"name\":\"Amek Group\",\"url\":\"https:\\\/\\\/amekgroup.com\\\/en\\\/\",\"logo\":{\"@type\":\"ImageObject\",\"inLanguage\":\"es\",\"@id\":\"https:\\\/\\\/amekgroup.com\\\/en\\\/#\\\/schema\\\/logo\\\/image\\\/\",\"url\":\"https:\\\/\\\/amekgroup.com\\\/wp-content\\\/uploads\\\/2020\\\/06\\\/logo-nuevo.svg\",\"contentUrl\":\"https:\\\/\\\/amekgroup.com\\\/wp-content\\\/uploads\\\/2020\\\/06\\\/logo-nuevo.svg\",\"width\":1080,\"height\":137,\"caption\":\"Amek Group\"},\"image\":{\"@id\":\"https:\\\/\\\/amekgroup.com\\\/en\\\/#\\\/schema\\\/logo\\\/image\\\/\"}},{\"@type\":\"Person\",\"@id\":\"https:\\\/\\\/amekgroup.com\\\/en\\\/#\\\/schema\\\/person\\\/32cfda35dd977710e8fe7e0e490ca5fe\",\"name\":\"admin\",\"sameAs\":[\"https:\\\/\\\/amekgroup.com\"],\"url\":\"https:\\\/\\\/amekgroup.com\\\/es\\\/author\\\/admin\\\/\"}]}<\/script>\n<!-- \/ Yoast SEO plugin. -->","yoast_head_json":{"title":"La ca\u00edda de grandes marcas se debe a la falta de mercado, no a estrategias empresariales - Amek Group","robots":{"index":"index","follow":"follow","max-snippet":"max-snippet:-1","max-image-preview":"max-image-preview:large","max-video-preview":"max-video-preview:-1"},"canonical":"https:\/\/amekgroup.com\/es\/favorite-design-bloggers-podcasts-in-2020\/","og_locale":"es_ES","og_type":"article","og_title":"La ca\u00edda de grandes marcas se debe a la falta de mercado, no a estrategias empresariales - Amek Group","og_description":"Es la opini\u00f3n de Jorge Chemes, titular de la Asociaci\u00f3n de Hoteles de Turismo. Escasa conectividad y falta de congresos y convenciones, las causas. Estima que de aqu\u00ed a fin&hellip;","og_url":"https:\/\/amekgroup.com\/es\/favorite-design-bloggers-podcasts-in-2020\/","og_site_name":"Amek Group","article_published_time":"2021-07-25T11:21:00+00:00","article_modified_time":"2023-05-19T21:59:16+00:00","og_image":[{"width":1920,"height":1080,"url":"https:\/\/amekgroup.com\/wp-content\/uploads\/2020\/05\/noticia3.webp","type":"image\/webp"}],"author":"admin","twitter_card":"summary_large_image","twitter_misc":{"Escrito por":"admin","Tiempo de lectura":"8 minutos"},"schema":{"@context":"https:\/\/schema.org","@graph":[{"@type":"Article","@id":"https:\/\/amekgroup.com\/favorite-design-bloggers-podcasts-in-2020\/#article","isPartOf":{"@id":"https:\/\/amekgroup.com\/favorite-design-bloggers-podcasts-in-2020\/"},"author":{"name":"admin","@id":"https:\/\/amekgroup.com\/en\/#\/schema\/person\/32cfda35dd977710e8fe7e0e490ca5fe"},"headline":"La ca\u00edda de grandes marcas se debe a la falta de mercado, no a estrategias empresariales","datePublished":"2021-07-25T11:21:00+00:00","dateModified":"2023-05-19T21:59:16+00:00","mainEntityOfPage":{"@id":"https:\/\/amekgroup.com\/favorite-design-bloggers-podcasts-in-2020\/"},"wordCount":1617,"publisher":{"@id":"https:\/\/amekgroup.com\/en\/#organization"},"image":{"@id":"https:\/\/amekgroup.com\/favorite-design-bloggers-podcasts-in-2020\/#primaryimage"},"thumbnailUrl":"https:\/\/amekgroup.com\/wp-content\/uploads\/2020\/05\/noticia3.webp","keywords":["Audio","Lifestyle","With Sidebar"],"articleSection":["Press"],"inLanguage":"es"},{"@type":"WebPage","@id":"https:\/\/amekgroup.com\/favorite-design-bloggers-podcasts-in-2020\/","url":"https:\/\/amekgroup.com\/favorite-design-bloggers-podcasts-in-2020\/","name":"La ca\u00edda de grandes marcas se debe a la falta de mercado, no a estrategias empresariales - Amek Group","isPartOf":{"@id":"https:\/\/amekgroup.com\/en\/#website"},"primaryImageOfPage":{"@id":"https:\/\/amekgroup.com\/favorite-design-bloggers-podcasts-in-2020\/#primaryimage"},"image":{"@id":"https:\/\/amekgroup.com\/favorite-design-bloggers-podcasts-in-2020\/#primaryimage"},"thumbnailUrl":"https:\/\/amekgroup.com\/wp-content\/uploads\/2020\/05\/noticia3.webp","datePublished":"2021-07-25T11:21:00+00:00","dateModified":"2023-05-19T21:59:16+00:00","breadcrumb":{"@id":"https:\/\/amekgroup.com\/favorite-design-bloggers-podcasts-in-2020\/#breadcrumb"},"inLanguage":"es","potentialAction":[{"@type":"ReadAction","target":["https:\/\/amekgroup.com\/favorite-design-bloggers-podcasts-in-2020\/"]}]},{"@type":"ImageObject","inLanguage":"es","@id":"https:\/\/amekgroup.com\/favorite-design-bloggers-podcasts-in-2020\/#primaryimage","url":"https:\/\/amekgroup.com\/wp-content\/uploads\/2020\/05\/noticia3.webp","contentUrl":"https:\/\/amekgroup.com\/wp-content\/uploads\/2020\/05\/noticia3.webp","width":1920,"height":1080},{"@type":"BreadcrumbList","@id":"https:\/\/amekgroup.com\/favorite-design-bloggers-podcasts-in-2020\/#breadcrumb","itemListElement":[{"@type":"ListItem","position":1,"name":"Home","item":"https:\/\/amekgroup.com\/"},{"@type":"ListItem","position":2,"name":"La ca\u00edda de grandes marcas se debe a la falta de mercado, no a estrategias empresariales"}]},{"@type":"WebSite","@id":"https:\/\/amekgroup.com\/en\/#website","url":"https:\/\/amekgroup.com\/en\/","name":"Amek Group","description":"Hotel Management","publisher":{"@id":"https:\/\/amekgroup.com\/en\/#organization"},"potentialAction":[{"@type":"SearchAction","target":{"@type":"EntryPoint","urlTemplate":"https:\/\/amekgroup.com\/en\/?s={search_term_string}"},"query-input":{"@type":"PropertyValueSpecification","valueRequired":true,"valueName":"search_term_string"}}],"inLanguage":"es"},{"@type":"Organization","@id":"https:\/\/amekgroup.com\/en\/#organization","name":"Amek Group","url":"https:\/\/amekgroup.com\/en\/","logo":{"@type":"ImageObject","inLanguage":"es","@id":"https:\/\/amekgroup.com\/en\/#\/schema\/logo\/image\/","url":"https:\/\/amekgroup.com\/wp-content\/uploads\/2020\/06\/logo-nuevo.svg","contentUrl":"https:\/\/amekgroup.com\/wp-content\/uploads\/2020\/06\/logo-nuevo.svg","width":1080,"height":137,"caption":"Amek Group"},"image":{"@id":"https:\/\/amekgroup.com\/en\/#\/schema\/logo\/image\/"}},{"@type":"Person","@id":"https:\/\/amekgroup.com\/en\/#\/schema\/person\/32cfda35dd977710e8fe7e0e490ca5fe","name":"admin","sameAs":["https:\/\/amekgroup.com"],"url":"https:\/\/amekgroup.com\/es\/author\/admin\/"}]}},"_links":{"self":[{"href":"https:\/\/amekgroup.com\/es\/wp-json\/wp\/v2\/posts\/2595","targetHints":{"allow":["GET"]}}],"collection":[{"href":"https:\/\/amekgroup.com\/es\/wp-json\/wp\/v2\/posts"}],"about":[{"href":"https:\/\/amekgroup.com\/es\/wp-json\/wp\/v2\/types\/post"}],"author":[{"embeddable":true,"href":"https:\/\/amekgroup.com\/es\/wp-json\/wp\/v2\/users\/1"}],"replies":[{"embeddable":true,"href":"https:\/\/amekgroup.com\/es\/wp-json\/wp\/v2\/comments?post=2595"}],"version-history":[{"count":1,"href":"https:\/\/amekgroup.com\/es\/wp-json\/wp\/v2\/posts\/2595\/revisions"}],"predecessor-version":[{"id":23786,"href":"https:\/\/amekgroup.com\/es\/wp-json\/wp\/v2\/posts\/2595\/revisions\/23786"}],"wp:featuredmedia":[{"embeddable":true,"href":"https:\/\/amekgroup.com\/es\/wp-json\/wp\/v2\/media\/23785"}],"wp:attachment":[{"href":"https:\/\/amekgroup.com\/es\/wp-json\/wp\/v2\/media?parent=2595"}],"wp:term":[{"taxonomy":"category","embeddable":true,"href":"https:\/\/amekgroup.com\/es\/wp-json\/wp\/v2\/categories?post=2595"},{"taxonomy":"post_tag","embeddable":true,"href":"https:\/\/amekgroup.com\/es\/wp-json\/wp\/v2\/tags?post=2595"}],"curies":[{"name":"wp","href":"https:\/\/api.w.org\/{rel}","templated":true}]}}